{"id":2784,"date":"2023-09-08T01:52:54","date_gmt":"2023-09-08T01:52:54","guid":{"rendered":"https:\/\/plansanjuan.gob.do\/?p=2784"},"modified":"2023-09-08T02:51:20","modified_gmt":"2023-09-08T02:51:20","slug":"director-del-plan-para-el-desarrollo-economico-y-social-de-san-juan-ing-luis-bonilla-habla-sobre-importancia-de-aeropuerto","status":"publish","type":"post","link":"https:\/\/plansanjuan.gob.do\/index.php\/2023\/09\/08\/director-del-plan-para-el-desarrollo-economico-y-social-de-san-juan-ing-luis-bonilla-habla-sobre-importancia-de-aeropuerto\/","title":{"rendered":"DIRECTOR DEL PLAN PARA EL DESARROLLO ECON\u00d3MICO Y SOCIAL DE SAN JUAN, ING. LUIS BONILLA HABLA SOBRE IMPORTANCIA DE AEROPUERTO."},"content":{"rendered":"\t\t<div data-elementor-type=\"wp-post\" data-elementor-id=\"2784\" class=\"elementor elementor-2784\" data-elementor-post-type=\"post\">\n\t\t\t\t\t\t<section class=\"elementor-section elementor-top-section elementor-element elementor-element-d2c7d39 elementor-section-height-min-height elementor-section-items-top elementor-section-boxed elementor-section-height-default\" data-id=\"d2c7d39\" data-element_type=\"section\" data-settings=\"{&quot;background_background&quot;:&quot;classic&quot;}\">\n\t\t\t\t\t\t\t<div class=\"elementor-background-overlay\"><\/div>\n\t\t\t\t\t\t\t<div class=\"elementor-container elementor-column-gap-default\">\n\t\t\t\t\t<div class=\"elementor-column elementor-col-100 elementor-top-column elementor-element elementor-element-07ec41d\" data-id=\"07ec41d\" data-element_type=\"column\">\n\t\t\t<div class=\"elementor-widget-wrap elementor-element-populated\">\n\t\t\t\t\t\t<div class=\"elementor-element elementor-element-59fd4f1 elementor-invisible elementor-widget elementor-widget-heading\" data-id=\"59fd4f1\" data-element_type=\"widget\" data-settings=\"{&quot;_animation&quot;:&quot;fadeInUp&quot;}\" data-widget_type=\"heading.default\">\n\t\t\t\t<div class=\"elementor-widget-container\">\n\t\t\t\t\t<h1 class=\"elementor-heading-title elementor-size-default\"><a href=\"https:\/\/youtu.be\/xx0FBSIHFNk\">DIRECTOR DEL PLAN PARA EL DESARROLLO ECON\u00d3MICO Y SOCIAL DE SAN JUAN, ING. LUIS BONILLA HABLA SOBRE IMPORTANCIA DE AEROPUERTO.<\/a><\/h1>\t\t\t\t<\/div>\n\t\t\t\t<\/div>\n\t\t\t\t<div class=\"elementor-element elementor-element-33590ad elementor-widget elementor-widget-image\" data-id=\"33590ad\" data-element_type=\"widget\" data-widget_type=\"image.default\">\n\t\t\t\t<div class=\"elementor-widget-container\">\n\t\t\t\t\t\t\t\t\t\t\t\t\t\t\t<img fetchpriority=\"high\" decoding=\"async\" width=\"883\" height=\"504\" src=\"https:\/\/plansanjuan.gob.do\/wp-content\/uploads\/2023\/09\/Luis-bonilla.png\" class=\"attachment-large size-large wp-image-2788\" alt=\"\" srcset=\"https:\/\/plansanjuan.gob.do\/wp-content\/uploads\/2023\/09\/Luis-bonilla.png 883w, https:\/\/plansanjuan.gob.do\/wp-content\/uploads\/2023\/09\/Luis-bonilla-300x171.png 300w, https:\/\/plansanjuan.gob.do\/wp-content\/uploads\/2023\/09\/Luis-bonilla-768x438.png 768w, https:\/\/plansanjuan.gob.do\/wp-content\/uploads\/2023\/09\/Luis-bonilla-600x342.png 600w\" sizes=\"(max-width: 883px) 100vw, 883px\" \/>\t\t\t\t\t\t\t\t\t\t\t\t\t\t\t<\/div>\n\t\t\t\t<\/div>\n\t\t\t\t\t<\/div>\n\t\t<\/div>\n\t\t\t\t\t<\/div>\n\t\t<\/section>\n\t\t\t\t<section class=\"elementor-section elementor-top-section elementor-element elementor-element-94e7857 elementor-section-boxed elementor-section-height-default elementor-section-height-default\" data-id=\"94e7857\" data-element_type=\"section\">\n\t\t\t\t\t\t<div class=\"elementor-container elementor-column-gap-default\">\n\t\t\t\t\t<div class=\"elementor-column elementor-col-100 elementor-top-column elementor-element elementor-element-f398f69\" data-id=\"f398f69\" data-element_type=\"column\">\n\t\t\t<div class=\"elementor-widget-wrap elementor-element-populated\">\n\t\t\t\t\t\t<div class=\"elementor-element elementor-element-b322cfa elementor-widget elementor-widget-heading\" data-id=\"b322cfa\" data-element_type=\"widget\" data-widget_type=\"heading.default\">\n\t\t\t\t<div class=\"elementor-widget-container\">\n\t\t\t\t\t<h5 class=\"elementor-heading-title elementor-size-medium\">POR Departamento de comunicaci\u00f3n.\n04\/09\/23<\/h5>\t\t\t\t<\/div>\n\t\t\t\t<\/div>\n\t\t\t\t\t<\/div>\n\t\t<\/div>\n\t\t\t\t\t<\/div>\n\t\t<\/section>\n\t\t\t\t<section class=\"elementor-section elementor-top-section elementor-element elementor-element-dbf81f8 elementor-section-boxed elementor-section-height-default elementor-section-height-default\" data-id=\"dbf81f8\" data-element_type=\"section\">\n\t\t\t\t\t\t<div class=\"elementor-container elementor-column-gap-default\">\n\t\t\t\t\t<div class=\"elementor-column elementor-col-100 elementor-top-column elementor-element elementor-element-3b175e9\" data-id=\"3b175e9\" data-element_type=\"column\">\n\t\t\t<div class=\"elementor-widget-wrap elementor-element-populated\">\n\t\t\t\t\t\t<div class=\"elementor-element elementor-element-394d65b elementor-widget elementor-widget-heading\" data-id=\"394d65b\" data-element_type=\"widget\" data-widget_type=\"heading.default\">\n\t\t\t\t<div class=\"elementor-widget-container\">\n\t\t\t\t\t<h5 class=\"elementor-heading-title elementor-size-medium\">Un caluroso saludo a nuestro Presidente Lic. Luis Abinader Corona y con este saludamos a los funcionarios y personalidades que nos acompa\u00f1an en este hist\u00f3rico momento.<\/h5>\t\t\t\t<\/div>\n\t\t\t\t<\/div>\n\t\t\t\t<div class=\"elementor-element elementor-element-6f89bdb elementor-widget elementor-widget-heading\" data-id=\"6f89bdb\" data-element_type=\"widget\" data-widget_type=\"heading.default\">\n\t\t\t\t<div class=\"elementor-widget-container\">\n\t\t\t\t\t<h5 class=\"elementor-heading-title elementor-size-medium\">Al dar la Tripulaci\u00f3n, que Ese primer paso, Era \"Un Peque\u00f1o Paso Para El Hombre, Pero sus primeros pasos en la luna, dec\u00eda Neil Armstrong: Comandante Un Paso Gigante Para La Humanidad\". Parodiando esta frase, podemos decir que este primer picazo que hoy damos en San Juan, es un paso gigante y un punto de inflexi\u00f3n para el desarrollo de San Juan y todo el Suroeste.<\/h5>\t\t\t\t<\/div>\n\t\t\t\t<\/div>\n\t\t\t\t\t<\/div>\n\t\t<\/div>\n\t\t\t\t\t<\/div>\n\t\t<\/section>\n\t\t\t\t<section class=\"elementor-section elementor-top-section elementor-element elementor-element-6b5fee4 elementor-section-boxed elementor-section-height-default elementor-section-height-default\" data-id=\"6b5fee4\" data-element_type=\"section\">\n\t\t\t\t\t\t<div class=\"elementor-container elementor-column-gap-default\">\n\t\t\t\t\t<div class=\"elementor-column elementor-col-100 elementor-top-column elementor-element elementor-element-a10aae9\" data-id=\"a10aae9\" data-element_type=\"column\">\n\t\t\t<div class=\"elementor-widget-wrap elementor-element-populated\">\n\t\t\t\t\t\t<div class=\"elementor-element elementor-element-08689b8 elementor-widget elementor-widget-heading\" data-id=\"08689b8\" data-element_type=\"widget\" data-widget_type=\"heading.default\">\n\t\t\t\t<div class=\"elementor-widget-container\">\n\t\t\t\t\t<h5 class=\"elementor-heading-title elementor-size-medium\">Este Aeropuerto cuya construcci\u00f3n se inicia hoy, y que fue anunciado un a\u00f1o atr\u00e1s, fue propuesto como una facilidad para la aspersi\u00f3n a\u00e9rea, para controlar plagas y enfermedades en los cultivos propios de la regi\u00f3n.<\/h5>\t\t\t\t<\/div>\n\t\t\t\t<\/div>\n\t\t\t\t<div class=\"elementor-element elementor-element-57e6bdf elementor-widget elementor-widget-heading\" data-id=\"57e6bdf\" data-element_type=\"widget\" data-widget_type=\"heading.default\">\n\t\t\t\t<div class=\"elementor-widget-container\">\n\t\t\t\t\t<h5 class=\"elementor-heading-title elementor-size-medium\">Fue certeramente ampliado por un Presidente visionario, para que poder impactar positivamente el desarrollo en la provincia al facilitar el transporte la conexi\u00f3n de la provincia con el resto del Pa\u00eds, y posteriormente con el mundo. Adem\u00e1s, prevemos que para el 2025 tendremos una Pista adecuada para transporte internacional y con los requisitos para que puedan aterrizar en ella, aviones de carga, que puedan transportar los productos agroindustriales y agricolas que se estar\u00e1n produciendo en este f\u00e9rtil Valle bendecido por Dios.\n Miremos pues la ruta del Desarrollo del Valle que ha trazado nuestro presidente Luis Abinader.\n\n<\/h5>\t\t\t\t<\/div>\n\t\t\t\t<\/div>\n\t\t\t\t\t<\/div>\n\t\t<\/div>\n\t\t\t\t\t<\/div>\n\t\t<\/section>\n\t\t\t\t<section class=\"elementor-section elementor-top-section elementor-element elementor-element-0b66f12 elementor-section-boxed elementor-section-height-default elementor-section-height-default\" data-id=\"0b66f12\" data-element_type=\"section\">\n\t\t\t\t\t\t<div class=\"elementor-container elementor-column-gap-default\">\n\t\t\t\t\t<div class=\"elementor-column elementor-col-100 elementor-top-column elementor-element elementor-element-0968264\" data-id=\"0968264\" data-element_type=\"column\">\n\t\t\t<div class=\"elementor-widget-wrap elementor-element-populated\">\n\t\t\t\t\t\t<div class=\"elementor-element elementor-element-78619ef elementor-widget elementor-widget-heading\" data-id=\"78619ef\" data-element_type=\"widget\" data-widget_type=\"heading.default\">\n\t\t\t\t<div class=\"elementor-widget-container\">\n\t\t\t\t\t<h5 class=\"elementor-heading-title elementor-size-medium\">Pero nuestro Presidente Abinader, ha visto m\u00e1s que eso y por ello, estamos apoyando fortalecer la infraestructuras necesarias para que el desarrollo se arm\u00f3nico y bien estructurado. Respondiendo a esto, tenemos Zona Franca, tenemos Universidad ISA; tenemos nuevos y modernos hoteles y restaurantes, y hoy d\u00eda estamos dando el Primer Picazo para dejar iniciados los trabajos de este Aeropuerto Dom\u00e9stico cuyo objetivo final es que nuestro Presidente hoy, lo inaugure en su 2da etapa como AEROPUERTO INTERNACIONAL en el 2025, porque el pueblo Dominicano pide a viva voz \u00a1Luis Abinader 4 a\u00f1os m\u00e1s por honesto y capaz!<\/h5>\t\t\t\t<\/div>\n\t\t\t\t<\/div>\n\t\t\t\t\t<\/div>\n\t\t<\/div>\n\t\t\t\t\t<\/div>\n\t\t<\/section>\n\t\t\t\t<section class=\"elementor-section elementor-top-section elementor-element elementor-element-5499b48 elementor-section-boxed elementor-section-height-default elementor-section-height-default\" data-id=\"5499b48\" data-element_type=\"section\">\n\t\t\t\t\t\t<div class=\"elementor-container elementor-column-gap-default\">\n\t\t\t\t\t<div class=\"elementor-column elementor-col-100 elementor-top-column elementor-element elementor-element-df5c536\" data-id=\"df5c536\" data-element_type=\"column\">\n\t\t\t<div class=\"elementor-widget-wrap elementor-element-populated\">\n\t\t\t\t\t\t<div class=\"elementor-element elementor-element-2b3db3b elementor-widget elementor-widget-video\" data-id=\"2b3db3b\" data-element_type=\"widget\" data-settings=\"{&quot;youtube_url&quot;:&quot;https:\\\/\\\/youtu.be\\\/xx0FBSIHFNk&quot;,&quot;video_type&quot;:&quot;youtube&quot;,&quot;controls&quot;:&quot;yes&quot;}\" data-widget_type=\"video.default\">\n\t\t\t\t<div class=\"elementor-widget-container\">\n\t\t\t\t\t\t\t<div class=\"elementor-wrapper elementor-open-inline\">\n\t\t\t<div class=\"elementor-video\"><\/div>\t\t<\/div>\n\t\t\t\t\t\t<\/div>\n\t\t\t\t<\/div>\n\t\t\t\t\t<\/div>\n\t\t<\/div>\n\t\t\t\t\t<\/div>\n\t\t<\/section>\n\t\t\t\t<\/div>\n\t\t","protected":false},"excerpt":{"rendered":"<p>DIRECTOR DEL PLAN PARA EL DESARROLLO ECON\u00d3MICO Y SOCIAL DE SAN JUAN, ING. LUIS BONILLA HABLA SOBRE IMPORTANCIA DE AEROPUERTO. POR Departamento de comunicaci\u00f3n. 04\/09\/23 Un caluroso saludo a nuestro Presidente Lic. Luis Abinader Corona y con este saludamos a los funcionarios y personalidades que nos acompa\u00f1an en este hist\u00f3rico momento. Al dar la Tripulaci\u00f3n, [&hellip;]<\/p>\n","protected":false},"author":3,"featured_media":2788,"comment_status":"open","ping_status":"open","sticky":false,"template":"elementor_header_footer","format":"standard","meta":{"om_disable_all_campaigns":false,"site-sidebar-layout":"default","site-content-layout":"","ast-site-content-layout":"default","site-content-style":"default","site-sidebar-style":"default","ast-global-header-display":"","ast-banner-title-visibility":"","ast-main-header-display":"","ast-hfb-above-header-display":"","ast-hfb-below-header-display":"","ast-hfb-mobile-header-display":"","site-post-title":"","ast-breadcrumbs-content":"","ast-featured-img":"","footer-sml-layout":"","ast-disable-related-posts":"","theme-transparent-header-meta":"","adv-header-id-meta":"","stick-header-meta":"","header-above-stick-meta":"","header-main-stick-meta":"","header-below-stick-meta":"","astra-migrate-meta-layouts":"default","ast-page-background-enabled":"default","ast-page-background-meta":{"desktop":{"background-color":"var(--ast-global-color-4)","background-image":"","background-repeat":"repeat","background-position":"center center","background-size":"auto","background-attachment":"scroll","background-type":"","background-media":"","overlay-type":"","overlay-color":"","overlay-opacity":"","overlay-gradient":""},"tablet":{"background-color":"","background-image":"","background-repeat":"repeat","background-position":"center center","background-size":"auto","background-attachment":"scroll","background-type":"","background-media":"","overlay-type":"","overlay-color":"","overlay-opacity":"","overlay-gradient":""},"mobile":{"background-color":"","background-image":"","background-repeat":"repeat","background-position":"center center","background-size":"auto","background-attachment":"scroll","background-type":"","background-media":"","overlay-type":"","overlay-color":"","overlay-opacity":"","overlay-gradient":""}},"ast-content-background-meta":{"desktop":{"background-color":"var(--ast-global-color-5)","background-image":"","background-repeat":"repeat","background-position":"center center","background-size":"auto","background-attachment":"scroll","background-type":"","background-media":"","overlay-type":"","overlay-color":"","overlay-opacity":"","overlay-gradient":""},"tablet":{"background-color":"var(--ast-global-color-5)","background-image":"","background-repeat":"repeat","background-position":"center center","background-size":"auto","background-attachment":"scroll","background-type":"","background-media":"","overlay-type":"","overlay-color":"","overlay-opacity":"","overlay-gradient":""},"mobile":{"background-color":"var(--ast-global-color-5)","background-image":"","background-repeat":"repeat","background-position":"center center","background-size":"auto","background-attachment":"scroll","background-type":"","background-media":"","overlay-type":"","overlay-color":"","overlay-opacity":"","overlay-gradient":""}},"footnotes":""},"categories":[1],"tags":[],"class_list":["post-2784","post","type-post","status-publish","format-standard","has-post-thumbnail","hentry","category-uncategorized"],"aioseo_notices":[],"yoast_head":"<!-- This site is optimized with the Yoast SEO plugin v26.7 - https:\/\/yoast.com\/wordpress\/plugins\/seo\/ -->\n<title>DIRECTOR DEL PLAN PARA EL DESARROLLO ECON\u00d3MICO Y SOCIAL DE SAN JUAN, ING. LUIS BONILLA HABLA SOBRE IMPORTANCIA DE AEROPUERTO. - Plan San Juan<\/title>\n<meta name=\"robots\" content=\"index, follow, max-snippet:-1, max-image-preview:large, max-video-preview:-1\" \/>\n<link rel=\"canonical\" href=\"https:\/\/plansanjuan.gob.do\/index.php\/2023\/09\/08\/director-del-plan-para-el-desarrollo-economico-y-social-de-san-juan-ing-luis-bonilla-habla-sobre-importancia-de-aeropuerto\/\" \/>\n<meta property=\"og:locale\" content=\"es_ES\" \/>\n<meta property=\"og:type\" content=\"article\" \/>\n<meta property=\"og:title\" content=\"DIRECTOR DEL PLAN PARA EL DESARROLLO ECON\u00d3MICO Y SOCIAL DE SAN JUAN, ING. LUIS BONILLA HABLA SOBRE IMPORTANCIA DE AEROPUERTO. - Plan San Juan\" \/>\n<meta property=\"og:description\" content=\"DIRECTOR DEL PLAN PARA EL DESARROLLO ECON\u00d3MICO Y SOCIAL DE SAN JUAN, ING. LUIS BONILLA HABLA SOBRE IMPORTANCIA DE AEROPUERTO. POR Departamento de comunicaci\u00f3n. 04\/09\/23 Un caluroso saludo a nuestro Presidente Lic. Luis Abinader Corona y con este saludamos a los funcionarios y personalidades que nos acompa\u00f1an en este hist\u00f3rico momento. Al dar la Tripulaci\u00f3n, [&hellip;]\" \/>\n<meta property=\"og:url\" content=\"https:\/\/plansanjuan.gob.do\/index.php\/2023\/09\/08\/director-del-plan-para-el-desarrollo-economico-y-social-de-san-juan-ing-luis-bonilla-habla-sobre-importancia-de-aeropuerto\/\" \/>\n<meta property=\"og:site_name\" content=\"Plan San Juan\" \/>\n<meta property=\"article:published_time\" content=\"2023-09-08T01:52:54+00:00\" \/>\n<meta property=\"article:modified_time\" content=\"2023-09-08T02:51:20+00:00\" \/>\n<meta property=\"og:image\" content=\"https:\/\/plansanjuan.gob.do\/wp-content\/uploads\/2023\/09\/Luis-bonilla.png\" \/>\n\t<meta property=\"og:image:width\" content=\"883\" \/>\n\t<meta property=\"og:image:height\" content=\"504\" \/>\n\t<meta property=\"og:image:type\" content=\"image\/png\" \/>\n<meta name=\"author\" content=\"Danny Concepci\u00f3n\" \/>\n<meta name=\"twitter:card\" content=\"summary_large_image\" \/>\n<meta name=\"twitter:label1\" content=\"Written by\" \/>\n\t<meta name=\"twitter:data1\" content=\"Danny Concepci\u00f3n\" \/>\n\t<meta name=\"twitter:label2\" content=\"Est. reading time\" \/>\n\t<meta name=\"twitter:data2\" content=\"2 minutos\" \/>\n<script type=\"application\/ld+json\" class=\"yoast-schema-graph\">{\"@context\":\"https:\/\/schema.org\",\"@graph\":[{\"@type\":\"Article\",\"@id\":\"https:\/\/plansanjuan.gob.do\/index.php\/2023\/09\/08\/director-del-plan-para-el-desarrollo-economico-y-social-de-san-juan-ing-luis-bonilla-habla-sobre-importancia-de-aeropuerto\/#article\",\"isPartOf\":{\"@id\":\"https:\/\/plansanjuan.gob.do\/index.php\/2023\/09\/08\/director-del-plan-para-el-desarrollo-economico-y-social-de-san-juan-ing-luis-bonilla-habla-sobre-importancia-de-aeropuerto\/\"},\"author\":{\"name\":\"Danny Concepci\u00f3n\",\"@id\":\"https:\/\/plansanjuan.gob.do\/#\/schema\/person\/b1f87962f10f3976669993ce249c9d22\"},\"headline\":\"DIRECTOR DEL PLAN PARA EL DESARROLLO ECON\u00d3MICO Y SOCIAL DE SAN JUAN, ING. LUIS BONILLA HABLA SOBRE IMPORTANCIA DE AEROPUERTO.\",\"datePublished\":\"2023-09-08T01:52:54+00:00\",\"dateModified\":\"2023-09-08T02:51:20+00:00\",\"mainEntityOfPage\":{\"@id\":\"https:\/\/plansanjuan.gob.do\/index.php\/2023\/09\/08\/director-del-plan-para-el-desarrollo-economico-y-social-de-san-juan-ing-luis-bonilla-habla-sobre-importancia-de-aeropuerto\/\"},\"wordCount\":392,\"commentCount\":0,\"publisher\":{\"@id\":\"https:\/\/plansanjuan.gob.do\/#organization\"},\"image\":{\"@id\":\"https:\/\/plansanjuan.gob.do\/index.php\/2023\/09\/08\/director-del-plan-para-el-desarrollo-economico-y-social-de-san-juan-ing-luis-bonilla-habla-sobre-importancia-de-aeropuerto\/#primaryimage\"},\"thumbnailUrl\":\"https:\/\/plansanjuan.gob.do\/wp-content\/uploads\/2023\/09\/Luis-bonilla.png\",\"articleSection\":[\"Uncategorized\"],\"inLanguage\":\"es-DO\",\"potentialAction\":[{\"@type\":\"CommentAction\",\"name\":\"Comment\",\"target\":[\"https:\/\/plansanjuan.gob.do\/index.php\/2023\/09\/08\/director-del-plan-para-el-desarrollo-economico-y-social-de-san-juan-ing-luis-bonilla-habla-sobre-importancia-de-aeropuerto\/#respond\"]}]},{\"@type\":\"WebPage\",\"@id\":\"https:\/\/plansanjuan.gob.do\/index.php\/2023\/09\/08\/director-del-plan-para-el-desarrollo-economico-y-social-de-san-juan-ing-luis-bonilla-habla-sobre-importancia-de-aeropuerto\/\",\"url\":\"https:\/\/plansanjuan.gob.do\/index.php\/2023\/09\/08\/director-del-plan-para-el-desarrollo-economico-y-social-de-san-juan-ing-luis-bonilla-habla-sobre-importancia-de-aeropuerto\/\",\"name\":\"DIRECTOR DEL PLAN PARA EL DESARROLLO ECON\u00d3MICO Y SOCIAL DE SAN JUAN, ING. LUIS BONILLA HABLA SOBRE IMPORTANCIA DE AEROPUERTO. - Plan San Juan\",\"isPartOf\":{\"@id\":\"https:\/\/plansanjuan.gob.do\/#website\"},\"primaryImageOfPage\":{\"@id\":\"https:\/\/plansanjuan.gob.do\/index.php\/2023\/09\/08\/director-del-plan-para-el-desarrollo-economico-y-social-de-san-juan-ing-luis-bonilla-habla-sobre-importancia-de-aeropuerto\/#primaryimage\"},\"image\":{\"@id\":\"https:\/\/plansanjuan.gob.do\/index.php\/2023\/09\/08\/director-del-plan-para-el-desarrollo-economico-y-social-de-san-juan-ing-luis-bonilla-habla-sobre-importancia-de-aeropuerto\/#primaryimage\"},\"thumbnailUrl\":\"https:\/\/plansanjuan.gob.do\/wp-content\/uploads\/2023\/09\/Luis-bonilla.png\",\"datePublished\":\"2023-09-08T01:52:54+00:00\",\"dateModified\":\"2023-09-08T02:51:20+00:00\",\"breadcrumb\":{\"@id\":\"https:\/\/plansanjuan.gob.do\/index.php\/2023\/09\/08\/director-del-plan-para-el-desarrollo-economico-y-social-de-san-juan-ing-luis-bonilla-habla-sobre-importancia-de-aeropuerto\/#breadcrumb\"},\"inLanguage\":\"es-DO\",\"potentialAction\":[{\"@type\":\"ReadAction\",\"target\":[\"https:\/\/plansanjuan.gob.do\/index.php\/2023\/09\/08\/director-del-plan-para-el-desarrollo-economico-y-social-de-san-juan-ing-luis-bonilla-habla-sobre-importancia-de-aeropuerto\/\"]}]},{\"@type\":\"ImageObject\",\"inLanguage\":\"es-DO\",\"@id\":\"https:\/\/plansanjuan.gob.do\/index.php\/2023\/09\/08\/director-del-plan-para-el-desarrollo-economico-y-social-de-san-juan-ing-luis-bonilla-habla-sobre-importancia-de-aeropuerto\/#primaryimage\",\"url\":\"https:\/\/plansanjuan.gob.do\/wp-content\/uploads\/2023\/09\/Luis-bonilla.png\",\"contentUrl\":\"https:\/\/plansanjuan.gob.do\/wp-content\/uploads\/2023\/09\/Luis-bonilla.png\",\"width\":883,\"height\":504},{\"@type\":\"BreadcrumbList\",\"@id\":\"https:\/\/plansanjuan.gob.do\/index.php\/2023\/09\/08\/director-del-plan-para-el-desarrollo-economico-y-social-de-san-juan-ing-luis-bonilla-habla-sobre-importancia-de-aeropuerto\/#breadcrumb\",\"itemListElement\":[{\"@type\":\"ListItem\",\"position\":1,\"name\":\"Home\",\"item\":\"https:\/\/plansanjuan.gob.do\/\"},{\"@type\":\"ListItem\",\"position\":2,\"name\":\"DIRECTOR DEL PLAN PARA EL DESARROLLO ECON\u00d3MICO Y SOCIAL DE SAN JUAN, ING. LUIS BONILLA HABLA SOBRE IMPORTANCIA DE AEROPUERTO.\"}]},{\"@type\":\"WebSite\",\"@id\":\"https:\/\/plansanjuan.gob.do\/#website\",\"url\":\"https:\/\/plansanjuan.gob.do\/\",\"name\":\"Plan San Juan\",\"description\":\"\",\"publisher\":{\"@id\":\"https:\/\/plansanjuan.gob.do\/#organization\"},\"potentialAction\":[{\"@type\":\"SearchAction\",\"target\":{\"@type\":\"EntryPoint\",\"urlTemplate\":\"https:\/\/plansanjuan.gob.do\/?s={search_term_string}\"},\"query-input\":{\"@type\":\"PropertyValueSpecification\",\"valueRequired\":true,\"valueName\":\"search_term_string\"}}],\"inLanguage\":\"es-DO\"},{\"@type\":\"Organization\",\"@id\":\"https:\/\/plansanjuan.gob.do\/#organization\",\"name\":\"Plan San Juan\",\"url\":\"https:\/\/plansanjuan.gob.do\/\",\"logo\":{\"@type\":\"ImageObject\",\"inLanguage\":\"es-DO\",\"@id\":\"https:\/\/plansanjuan.gob.do\/#\/schema\/logo\/image\/\",\"url\":\"https:\/\/plansanjuan.gob.do\/wp-content\/uploads\/2022\/11\/cropped-logo-plan-san-juan-png-1-1.png\",\"contentUrl\":\"https:\/\/plansanjuan.gob.do\/wp-content\/uploads\/2022\/11\/cropped-logo-plan-san-juan-png-1-1.png\",\"width\":500,\"height\":391,\"caption\":\"Plan San Juan\"},\"image\":{\"@id\":\"https:\/\/plansanjuan.gob.do\/#\/schema\/logo\/image\/\"}},{\"@type\":\"Person\",\"@id\":\"https:\/\/plansanjuan.gob.do\/#\/schema\/person\/b1f87962f10f3976669993ce249c9d22\",\"name\":\"Danny Concepci\u00f3n\",\"image\":{\"@type\":\"ImageObject\",\"inLanguage\":\"es-DO\",\"@id\":\"https:\/\/plansanjuan.gob.do\/#\/schema\/person\/image\/\",\"url\":\"https:\/\/secure.gravatar.com\/avatar\/01cadaf5c21582ba00a13bcdf2b527a2f4397ee735e263501238c0f9d2566edb?s=96&d=mm&r=g\",\"contentUrl\":\"https:\/\/secure.gravatar.com\/avatar\/01cadaf5c21582ba00a13bcdf2b527a2f4397ee735e263501238c0f9d2566edb?s=96&d=mm&r=g\",\"caption\":\"Danny Concepci\u00f3n\"},\"sameAs\":[\"https:\/\/plansanjuan.gob.do\/\"],\"url\":\"https:\/\/plansanjuan.gob.do\/index.php\/author\/dannyconcepcion\/\"}]}<\/script>\n<!-- \/ Yoast SEO plugin. -->","yoast_head_json":{"title":"DIRECTOR DEL PLAN PARA EL DESARROLLO ECON\u00d3MICO Y SOCIAL DE SAN JUAN, ING. LUIS BONILLA HABLA SOBRE IMPORTANCIA DE AEROPUERTO. - Plan San Juan","robots":{"index":"index","follow":"follow","max-snippet":"max-snippet:-1","max-image-preview":"max-image-preview:large","max-video-preview":"max-video-preview:-1"},"canonical":"https:\/\/plansanjuan.gob.do\/index.php\/2023\/09\/08\/director-del-plan-para-el-desarrollo-economico-y-social-de-san-juan-ing-luis-bonilla-habla-sobre-importancia-de-aeropuerto\/","og_locale":"es_ES","og_type":"article","og_title":"DIRECTOR DEL PLAN PARA EL DESARROLLO ECON\u00d3MICO Y SOCIAL DE SAN JUAN, ING. LUIS BONILLA HABLA SOBRE IMPORTANCIA DE AEROPUERTO. - Plan San Juan","og_description":"DIRECTOR DEL PLAN PARA EL DESARROLLO ECON\u00d3MICO Y SOCIAL DE SAN JUAN, ING. LUIS BONILLA HABLA SOBRE IMPORTANCIA DE AEROPUERTO. POR Departamento de comunicaci\u00f3n. 04\/09\/23 Un caluroso saludo a nuestro Presidente Lic. Luis Abinader Corona y con este saludamos a los funcionarios y personalidades que nos acompa\u00f1an en este hist\u00f3rico momento. Al dar la Tripulaci\u00f3n, [&hellip;]","og_url":"https:\/\/plansanjuan.gob.do\/index.php\/2023\/09\/08\/director-del-plan-para-el-desarrollo-economico-y-social-de-san-juan-ing-luis-bonilla-habla-sobre-importancia-de-aeropuerto\/","og_site_name":"Plan San Juan","article_published_time":"2023-09-08T01:52:54+00:00","article_modified_time":"2023-09-08T02:51:20+00:00","og_image":[{"width":883,"height":504,"url":"https:\/\/plansanjuan.gob.do\/wp-content\/uploads\/2023\/09\/Luis-bonilla.png","type":"image\/png"}],"author":"Danny Concepci\u00f3n","twitter_card":"summary_large_image","twitter_misc":{"Written by":"Danny Concepci\u00f3n","Est. reading time":"2 minutos"},"schema":{"@context":"https:\/\/schema.org","@graph":[{"@type":"Article","@id":"https:\/\/plansanjuan.gob.do\/index.php\/2023\/09\/08\/director-del-plan-para-el-desarrollo-economico-y-social-de-san-juan-ing-luis-bonilla-habla-sobre-importancia-de-aeropuerto\/#article","isPartOf":{"@id":"https:\/\/plansanjuan.gob.do\/index.php\/2023\/09\/08\/director-del-plan-para-el-desarrollo-economico-y-social-de-san-juan-ing-luis-bonilla-habla-sobre-importancia-de-aeropuerto\/"},"author":{"name":"Danny Concepci\u00f3n","@id":"https:\/\/plansanjuan.gob.do\/#\/schema\/person\/b1f87962f10f3976669993ce249c9d22"},"headline":"DIRECTOR DEL PLAN PARA EL DESARROLLO ECON\u00d3MICO Y SOCIAL DE SAN JUAN, ING. LUIS BONILLA HABLA SOBRE IMPORTANCIA DE AEROPUERTO.","datePublished":"2023-09-08T01:52:54+00:00","dateModified":"2023-09-08T02:51:20+00:00","mainEntityOfPage":{"@id":"https:\/\/plansanjuan.gob.do\/index.php\/2023\/09\/08\/director-del-plan-para-el-desarrollo-economico-y-social-de-san-juan-ing-luis-bonilla-habla-sobre-importancia-de-aeropuerto\/"},"wordCount":392,"commentCount":0,"publisher":{"@id":"https:\/\/plansanjuan.gob.do\/#organization"},"image":{"@id":"https:\/\/plansanjuan.gob.do\/index.php\/2023\/09\/08\/director-del-plan-para-el-desarrollo-economico-y-social-de-san-juan-ing-luis-bonilla-habla-sobre-importancia-de-aeropuerto\/#primaryimage"},"thumbnailUrl":"https:\/\/plansanjuan.gob.do\/wp-content\/uploads\/2023\/09\/Luis-bonilla.png","articleSection":["Uncategorized"],"inLanguage":"es-DO","potentialAction":[{"@type":"CommentAction","name":"Comment","target":["https:\/\/plansanjuan.gob.do\/index.php\/2023\/09\/08\/director-del-plan-para-el-desarrollo-economico-y-social-de-san-juan-ing-luis-bonilla-habla-sobre-importancia-de-aeropuerto\/#respond"]}]},{"@type":"WebPage","@id":"https:\/\/plansanjuan.gob.do\/index.php\/2023\/09\/08\/director-del-plan-para-el-desarrollo-economico-y-social-de-san-juan-ing-luis-bonilla-habla-sobre-importancia-de-aeropuerto\/","url":"https:\/\/plansanjuan.gob.do\/index.php\/2023\/09\/08\/director-del-plan-para-el-desarrollo-economico-y-social-de-san-juan-ing-luis-bonilla-habla-sobre-importancia-de-aeropuerto\/","name":"DIRECTOR DEL PLAN PARA EL DESARROLLO ECON\u00d3MICO Y SOCIAL DE SAN JUAN, ING. LUIS BONILLA HABLA SOBRE IMPORTANCIA DE AEROPUERTO. - Plan San Juan","isPartOf":{"@id":"https:\/\/plansanjuan.gob.do\/#website"},"primaryImageOfPage":{"@id":"https:\/\/plansanjuan.gob.do\/index.php\/2023\/09\/08\/director-del-plan-para-el-desarrollo-economico-y-social-de-san-juan-ing-luis-bonilla-habla-sobre-importancia-de-aeropuerto\/#primaryimage"},"image":{"@id":"https:\/\/plansanjuan.gob.do\/index.php\/2023\/09\/08\/director-del-plan-para-el-desarrollo-economico-y-social-de-san-juan-ing-luis-bonilla-habla-sobre-importancia-de-aeropuerto\/#primaryimage"},"thumbnailUrl":"https:\/\/plansanjuan.gob.do\/wp-content\/uploads\/2023\/09\/Luis-bonilla.png","datePublished":"2023-09-08T01:52:54+00:00","dateModified":"2023-09-08T02:51:20+00:00","breadcrumb":{"@id":"https:\/\/plansanjuan.gob.do\/index.php\/2023\/09\/08\/director-del-plan-para-el-desarrollo-economico-y-social-de-san-juan-ing-luis-bonilla-habla-sobre-importancia-de-aeropuerto\/#breadcrumb"},"inLanguage":"es-DO","potentialAction":[{"@type":"ReadAction","target":["https:\/\/plansanjuan.gob.do\/index.php\/2023\/09\/08\/director-del-plan-para-el-desarrollo-economico-y-social-de-san-juan-ing-luis-bonilla-habla-sobre-importancia-de-aeropuerto\/"]}]},{"@type":"ImageObject","inLanguage":"es-DO","@id":"https:\/\/plansanjuan.gob.do\/index.php\/2023\/09\/08\/director-del-plan-para-el-desarrollo-economico-y-social-de-san-juan-ing-luis-bonilla-habla-sobre-importancia-de-aeropuerto\/#primaryimage","url":"https:\/\/plansanjuan.gob.do\/wp-content\/uploads\/2023\/09\/Luis-bonilla.png","contentUrl":"https:\/\/plansanjuan.gob.do\/wp-content\/uploads\/2023\/09\/Luis-bonilla.png","width":883,"height":504},{"@type":"BreadcrumbList","@id":"https:\/\/plansanjuan.gob.do\/index.php\/2023\/09\/08\/director-del-plan-para-el-desarrollo-economico-y-social-de-san-juan-ing-luis-bonilla-habla-sobre-importancia-de-aeropuerto\/#breadcrumb","itemListElement":[{"@type":"ListItem","position":1,"name":"Home","item":"https:\/\/plansanjuan.gob.do\/"},{"@type":"ListItem","position":2,"name":"DIRECTOR DEL PLAN PARA EL DESARROLLO ECON\u00d3MICO Y SOCIAL DE SAN JUAN, ING. LUIS BONILLA HABLA SOBRE IMPORTANCIA DE AEROPUERTO."}]},{"@type":"WebSite","@id":"https:\/\/plansanjuan.gob.do\/#website","url":"https:\/\/plansanjuan.gob.do\/","name":"Plan San Juan","description":"","publisher":{"@id":"https:\/\/plansanjuan.gob.do\/#organization"},"potentialAction":[{"@type":"SearchAction","target":{"@type":"EntryPoint","urlTemplate":"https:\/\/plansanjuan.gob.do\/?s={search_term_string}"},"query-input":{"@type":"PropertyValueSpecification","valueRequired":true,"valueName":"search_term_string"}}],"inLanguage":"es-DO"},{"@type":"Organization","@id":"https:\/\/plansanjuan.gob.do\/#organization","name":"Plan San Juan","url":"https:\/\/plansanjuan.gob.do\/","logo":{"@type":"ImageObject","inLanguage":"es-DO","@id":"https:\/\/plansanjuan.gob.do\/#\/schema\/logo\/image\/","url":"https:\/\/plansanjuan.gob.do\/wp-content\/uploads\/2022\/11\/cropped-logo-plan-san-juan-png-1-1.png","contentUrl":"https:\/\/plansanjuan.gob.do\/wp-content\/uploads\/2022\/11\/cropped-logo-plan-san-juan-png-1-1.png","width":500,"height":391,"caption":"Plan San Juan"},"image":{"@id":"https:\/\/plansanjuan.gob.do\/#\/schema\/logo\/image\/"}},{"@type":"Person","@id":"https:\/\/plansanjuan.gob.do\/#\/schema\/person\/b1f87962f10f3976669993ce249c9d22","name":"Danny Concepci\u00f3n","image":{"@type":"ImageObject","inLanguage":"es-DO","@id":"https:\/\/plansanjuan.gob.do\/#\/schema\/person\/image\/","url":"https:\/\/secure.gravatar.com\/avatar\/01cadaf5c21582ba00a13bcdf2b527a2f4397ee735e263501238c0f9d2566edb?s=96&d=mm&r=g","contentUrl":"https:\/\/secure.gravatar.com\/avatar\/01cadaf5c21582ba00a13bcdf2b527a2f4397ee735e263501238c0f9d2566edb?s=96&d=mm&r=g","caption":"Danny Concepci\u00f3n"},"sameAs":["https:\/\/plansanjuan.gob.do\/"],"url":"https:\/\/plansanjuan.gob.do\/index.php\/author\/dannyconcepcion\/"}]}},"_links":{"self":[{"href":"https:\/\/plansanjuan.gob.do\/index.php\/wp-json\/wp\/v2\/posts\/2784","targetHints":{"allow":["GET"]}}],"collection":[{"href":"https:\/\/plansanjuan.gob.do\/index.php\/wp-json\/wp\/v2\/posts"}],"about":[{"href":"https:\/\/plansanjuan.gob.do\/index.php\/wp-json\/wp\/v2\/types\/post"}],"author":[{"embeddable":true,"href":"https:\/\/plansanjuan.gob.do\/index.php\/wp-json\/wp\/v2\/users\/3"}],"replies":[{"embeddable":true,"href":"https:\/\/plansanjuan.gob.do\/index.php\/wp-json\/wp\/v2\/comments?post=2784"}],"version-history":[{"count":9,"href":"https:\/\/plansanjuan.gob.do\/index.php\/wp-json\/wp\/v2\/posts\/2784\/revisions"}],"predecessor-version":[{"id":2891,"href":"https:\/\/plansanjuan.gob.do\/index.php\/wp-json\/wp\/v2\/posts\/2784\/revisions\/2891"}],"wp:featuredmedia":[{"embeddable":true,"href":"https:\/\/plansanjuan.gob.do\/index.php\/wp-json\/wp\/v2\/media\/2788"}],"wp:attachment":[{"href":"https:\/\/plansanjuan.gob.do\/index.php\/wp-json\/wp\/v2\/media?parent=2784"}],"wp:term":[{"taxonomy":"category","embeddable":true,"href":"https:\/\/plansanjuan.gob.do\/index.php\/wp-json\/wp\/v2\/categories?post=2784"},{"taxonomy":"post_tag","embeddable":true,"href":"https:\/\/plansanjuan.gob.do\/index.php\/wp-json\/wp\/v2\/tags?post=2784"}],"curies":[{"name":"wp","href":"https:\/\/api.w.org\/{rel}","templated":true}]}}