{"id":2449,"date":"2023-03-09T03:11:43","date_gmt":"2023-03-09T03:11:43","guid":{"rendered":"https:\/\/plansanjuan.gob.do\/?p=2449"},"modified":"2023-03-09T03:49:06","modified_gmt":"2023-03-09T03:49:06","slug":"plan-desarrollo-san-juan-se-reune-con-la-comunidad-de-las-charcas-de-maria-nova","status":"publish","type":"post","link":"https:\/\/plansanjuan.gob.do\/index.php\/2023\/03\/09\/plan-desarrollo-san-juan-se-reune-con-la-comunidad-de-las-charcas-de-maria-nova\/","title":{"rendered":"PLAN DESARROLLO SAN JUAN SE REUNE CON LA COMUNIDAD DE LAS CHARCAS DE MARIA NOVA"},"content":{"rendered":"\t\t<div data-elementor-type=\"wp-post\" data-elementor-id=\"2449\" class=\"elementor elementor-2449\" data-elementor-post-type=\"post\">\n\t\t\t\t\t\t<section class=\"elementor-section elementor-top-section elementor-element elementor-element-9c224a0 elementor-section-height-min-height elementor-section-items-top elementor-section-boxed elementor-section-height-default\" data-id=\"9c224a0\" data-element_type=\"section\" data-settings=\"{&quot;background_background&quot;:&quot;classic&quot;}\">\n\t\t\t\t\t\t\t<div class=\"elementor-background-overlay\"><\/div>\n\t\t\t\t\t\t\t<div class=\"elementor-container elementor-column-gap-default\">\n\t\t\t\t\t<div class=\"elementor-column elementor-col-100 elementor-top-column elementor-element elementor-element-aedbc96\" data-id=\"aedbc96\" data-element_type=\"column\">\n\t\t\t<div class=\"elementor-widget-wrap elementor-element-populated\">\n\t\t\t\t\t\t<div class=\"elementor-element elementor-element-6bc808b elementor-invisible elementor-widget elementor-widget-heading\" data-id=\"6bc808b\" data-element_type=\"widget\" data-settings=\"{&quot;_animation&quot;:&quot;fadeInUp&quot;}\" data-widget_type=\"heading.default\">\n\t\t\t\t<div class=\"elementor-widget-container\">\n\t\t\t\t\t<h1 class=\"elementor-heading-title elementor-size-default\">PLAN SAN JUAN SE REUNE CON LA COMUNIDAD DE LA CHARCA DE MARIA NOVA<\/h1>\t\t\t\t<\/div>\n\t\t\t\t<\/div>\n\t\t\t\t\t<\/div>\n\t\t<\/div>\n\t\t\t\t\t<\/div>\n\t\t<\/section>\n\t\t\t\t<section class=\"elementor-section elementor-top-section elementor-element elementor-element-95a92fd elementor-section-boxed elementor-section-height-default elementor-section-height-default\" data-id=\"95a92fd\" data-element_type=\"section\" data-settings=\"{&quot;background_background&quot;:&quot;classic&quot;}\">\n\t\t\t\t\t\t<div class=\"elementor-container elementor-column-gap-default\">\n\t\t\t\t\t<div class=\"elementor-column elementor-col-100 elementor-top-column elementor-element elementor-element-a2fdac4\" data-id=\"a2fdac4\" data-element_type=\"column\">\n\t\t\t<div class=\"elementor-widget-wrap elementor-element-populated\">\n\t\t\t\t\t\t<section class=\"elementor-section elementor-inner-section elementor-element elementor-element-1f17725 elementor-section-boxed elementor-section-height-default elementor-section-height-default\" data-id=\"1f17725\" data-element_type=\"section\">\n\t\t\t\t\t\t<div class=\"elementor-container elementor-column-gap-default\">\n\t\t\t\t\t<div class=\"elementor-column elementor-col-100 elementor-inner-column elementor-element elementor-element-3f0f2d0\" data-id=\"3f0f2d0\" data-element_type=\"column\">\n\t\t\t<div class=\"elementor-widget-wrap elementor-element-populated\">\n\t\t\t\t\t\t<div class=\"elementor-element elementor-element-5bcb78f elementor-invisible elementor-widget elementor-widget-image\" data-id=\"5bcb78f\" data-element_type=\"widget\" data-settings=\"{&quot;_animation&quot;:&quot;fadeInUp&quot;}\" data-widget_type=\"image.default\">\n\t\t\t\t<div class=\"elementor-widget-container\">\n\t\t\t\t\t\t\t\t\t\t\t\t\t\t\t<img fetchpriority=\"high\" decoding=\"async\" width=\"1280\" height=\"960\" src=\"https:\/\/plansanjuan.gob.do\/wp-content\/uploads\/2022\/11\/WhatsApp-Image-2023-03-08-at-12.09.26.jpeg\" class=\"attachment-full size-full wp-image-2461\" alt=\"\" srcset=\"https:\/\/plansanjuan.gob.do\/wp-content\/uploads\/2022\/11\/WhatsApp-Image-2023-03-08-at-12.09.26.jpeg 1280w, https:\/\/plansanjuan.gob.do\/wp-content\/uploads\/2022\/11\/WhatsApp-Image-2023-03-08-at-12.09.26-300x225.jpeg 300w, https:\/\/plansanjuan.gob.do\/wp-content\/uploads\/2022\/11\/WhatsApp-Image-2023-03-08-at-12.09.26-1024x768.jpeg 1024w, https:\/\/plansanjuan.gob.do\/wp-content\/uploads\/2022\/11\/WhatsApp-Image-2023-03-08-at-12.09.26-768x576.jpeg 768w, https:\/\/plansanjuan.gob.do\/wp-content\/uploads\/2022\/11\/WhatsApp-Image-2023-03-08-at-12.09.26-600x450.jpeg 600w\" sizes=\"(max-width: 1280px) 100vw, 1280px\" \/>\t\t\t\t\t\t\t\t\t\t\t\t\t\t\t<\/div>\n\t\t\t\t<\/div>\n\t\t\t\t\t<\/div>\n\t\t<\/div>\n\t\t\t\t\t<\/div>\n\t\t<\/section>\n\t\t\t\t<section class=\"elementor-section elementor-inner-section elementor-element elementor-element-d823f37 elementor-section-boxed elementor-section-height-default elementor-section-height-default\" data-id=\"d823f37\" data-element_type=\"section\">\n\t\t\t\t\t\t<div class=\"elementor-container elementor-column-gap-default\">\n\t\t\t\t\t<div class=\"elementor-column elementor-col-100 elementor-inner-column elementor-element elementor-element-bdd3047\" data-id=\"bdd3047\" data-element_type=\"column\">\n\t\t\t<div class=\"elementor-widget-wrap elementor-element-populated\">\n\t\t\t\t\t\t<div class=\"elementor-element elementor-element-f93b4b3 elementor-widget elementor-widget-post-info\" data-id=\"f93b4b3\" data-element_type=\"widget\" data-widget_type=\"post-info.default\">\n\t\t\t\t<div class=\"elementor-widget-container\">\n\t\t\t\t\t\t\t<ul class=\"elementor-inline-items elementor-icon-list-items elementor-post-info\">\n\t\t\t\t\t\t\t\t<li class=\"elementor-icon-list-item elementor-repeater-item-522ff03 elementor-inline-item\" itemprop=\"author\">\n\t\t\t\t\t\t<a href=\"https:\/\/plansanjuan.gob.do\/index.php\/author\/dannyconcepcion\/\">\n\t\t\t\t\t\t\t\t\t\t\t<span class=\"elementor-icon-list-icon\">\n\t\t\t\t\t\t\t\t<i aria-hidden=\"true\" class=\"far fa-user-circle\"><\/i>\t\t\t\t\t\t\t<\/span>\n\t\t\t\t\t\t\t\t\t<span class=\"elementor-icon-list-text elementor-post-info__item elementor-post-info__item--type-author\">\n\t\t\t\t\t\t\t\t\t\tDanny Concepci\u00f3n\t\t\t\t\t<\/span>\n\t\t\t\t\t\t\t\t\t<\/a>\n\t\t\t\t<\/li>\n\t\t\t\t<li class=\"elementor-icon-list-item elementor-repeater-item-eafa377 elementor-inline-item\" itemprop=\"datePublished\">\n\t\t\t\t\t\t<a href=\"https:\/\/plansanjuan.gob.do\/index.php\/2023\/03\/09\/\">\n\t\t\t\t\t\t\t\t\t\t\t<span class=\"elementor-icon-list-icon\">\n\t\t\t\t\t\t\t\t<i aria-hidden=\"true\" class=\"fas fa-calendar\"><\/i>\t\t\t\t\t\t\t<\/span>\n\t\t\t\t\t\t\t\t\t<span class=\"elementor-icon-list-text elementor-post-info__item elementor-post-info__item--type-date\">\n\t\t\t\t\t\t\t\t\t\tmarzo 9, 2023\t\t\t\t\t<\/span>\n\t\t\t\t\t\t\t\t\t<\/a>\n\t\t\t\t<\/li>\n\t\t\t\t<li class=\"elementor-icon-list-item elementor-repeater-item-bc69de0 elementor-inline-item\">\n\t\t\t\t\t\t\t\t\t\t<span class=\"elementor-icon-list-icon\">\n\t\t\t\t\t\t\t\t<i aria-hidden=\"true\" class=\"far fa-clock\"><\/i>\t\t\t\t\t\t\t<\/span>\n\t\t\t\t\t\t\t\t\t<span class=\"elementor-icon-list-text elementor-post-info__item elementor-post-info__item--type-time\">\n\t\t\t\t\t\t\t\t\t\t3:11 am\t\t\t\t\t<\/span>\n\t\t\t\t\t\t\t\t<\/li>\n\t\t\t\t<li class=\"elementor-icon-list-item elementor-repeater-item-c4f3d72 elementor-inline-item\" itemprop=\"commentCount\">\n\t\t\t\t\t\t<a href=\"https:\/\/plansanjuan.gob.do\/index.php\/2023\/03\/09\/plan-desarrollo-san-juan-se-reune-con-la-comunidad-de-las-charcas-de-maria-nova\/#respond\">\n\t\t\t\t\t\t\t\t\t\t\t<span class=\"elementor-icon-list-icon\">\n\t\t\t\t\t\t\t\t<i aria-hidden=\"true\" class=\"far fa-comment-dots\"><\/i>\t\t\t\t\t\t\t<\/span>\n\t\t\t\t\t\t\t\t\t<span class=\"elementor-icon-list-text elementor-post-info__item elementor-post-info__item--type-comments\">\n\t\t\t\t\t\t\t\t\t\tNo Comments\t\t\t\t\t<\/span>\n\t\t\t\t\t\t\t\t\t<\/a>\n\t\t\t\t<\/li>\n\t\t\t\t<\/ul>\n\t\t\t\t\t\t<\/div>\n\t\t\t\t<\/div>\n\t\t\t\t<div class=\"elementor-element elementor-element-ee02875 elementor-invisible elementor-widget elementor-widget-heading\" data-id=\"ee02875\" data-element_type=\"widget\" data-settings=\"{&quot;_animation&quot;:&quot;fadeInUp&quot;}\" data-widget_type=\"heading.default\">\n\t\t\t\t<div class=\"elementor-widget-container\">\n\t\t\t\t\t<h2 class=\"elementor-heading-title elementor-size-default\">PLAN DE DESARROLLO SAN JUAN, SE REUNE CON LA COMUNIDAD DE LAS CHARCAS DE MARIA NOVA.<\/h2>\t\t\t\t<\/div>\n\t\t\t\t<\/div>\n\t\t\t\t<div class=\"elementor-element elementor-element-bb7f815 elementor-invisible elementor-widget elementor-widget-heading\" data-id=\"bb7f815\" data-element_type=\"widget\" data-settings=\"{&quot;_animation&quot;:&quot;fadeInUp&quot;}\" data-widget_type=\"heading.default\">\n\t\t\t\t<div class=\"elementor-widget-container\">\n\t\t\t\t\t<p class=\"elementor-heading-title elementor-size-default\">Por.Jimmy Duval \n7\/3\/23\n\nDirector del Plan de Desarrollo ing. LUIS BONILLA, sostiene encuentro con comunitarios del distrito de Las charcas de Maria Mova , escucha las necesidades y plantea plan de trabajo en conjunto para impulsa proyectos de pesiculra y rubros Agr\u00edcolas atraves de la cooperativa Coopnava.\n\n\n\n<\/p>\t\t\t\t<\/div>\n\t\t\t\t<\/div>\n\t\t\t\t<div class=\"elementor-element elementor-element-10bec52 elementor-invisible elementor-widget elementor-widget-heading\" data-id=\"10bec52\" data-element_type=\"widget\" data-settings=\"{&quot;_animation&quot;:&quot;fadeInUp&quot;}\" data-widget_type=\"heading.default\">\n\t\t\t\t<div class=\"elementor-widget-container\">\n\t\t\t\t\t<h4 class=\"elementor-heading-title elementor-size-default\"><span style=\"font-size: 15px;font-weight: 400\">La actividad cont\u00f3 con la presencia del director de la junta doctrital Franklin Perez , Rafael Perdomo, ing. Juan Cedano por el ministerio de Agricultura  Yira Suero y Rossi Sanchez del plan de Desarrollo San juan.<\/span><\/h4>\t\t\t\t<\/div>\n\t\t\t\t<\/div>\n\t\t\t\t<div class=\"elementor-element elementor-element-44a0cfd elementor-invisible elementor-widget elementor-widget-heading\" data-id=\"44a0cfd\" data-element_type=\"widget\" data-settings=\"{&quot;_animation&quot;:&quot;fadeInUp&quot;}\" data-widget_type=\"heading.default\">\n\t\t\t\t<div class=\"elementor-widget-container\">\n\t\t\t\t\t<p class=\"elementor-heading-title elementor-size-default\"><span>Bonilla anunci\u00f3 que se proceder\u00e1 a los estudios para garantizar el agua que suplir\u00e1 a los pesicultores de la comunidaidi\u00f3 el acto religioso, donde ponder\u00f3 la importancia de los miembros que conforman la instituci\u00f3n castrense.<\/span><\/p>\t\t\t\t<\/div>\n\t\t\t\t<\/div>\n\t\t\t\t\t<\/div>\n\t\t<\/div>\n\t\t\t\t\t<\/div>\n\t\t<\/section>\n\t\t\t\t\t<\/div>\n\t\t<\/div>\n\t\t\t\t\t<\/div>\n\t\t<\/section>\n\t\t\t\t<\/div>\n\t\t","protected":false},"excerpt":{"rendered":"<p>PLAN SAN JUAN SE REUNE CON LA COMUNIDAD DE LA CHARCA DE MARIA NOVA PLAN DE DESARROLLO SAN JUAN, SE REUNE CON LA COMUNIDAD DE LAS CHARCAS DE MARIA NOVA. Por.Jimmy Duval 7\/3\/23 Director del Plan de Desarrollo ing. LUIS BONILLA, sostiene encuentro con comunitarios del distrito de Las charcas de Maria Mova , escucha [&hellip;]<\/p>\n","protected":false},"author":3,"featured_media":2461,"comment_status":"open","ping_status":"open","sticky":false,"template":"elementor_header_footer","format":"standard","meta":{"om_disable_all_campaigns":false,"site-sidebar-layout":"default","site-content-layout":"","ast-site-content-layout":"default","site-content-style":"default","site-sidebar-style":"default","ast-global-header-display":"","ast-banner-title-visibility":"","ast-main-header-display":"","ast-hfb-above-header-display":"","ast-hfb-below-header-display":"","ast-hfb-mobile-header-display":"","site-post-title":"","ast-breadcrumbs-content":"","ast-featured-img":"","footer-sml-layout":"","ast-disable-related-posts":"","theme-transparent-header-meta":"","adv-header-id-meta":"","stick-header-meta":"","header-above-stick-meta":"","header-main-stick-meta":"","header-below-stick-meta":"","astra-migrate-meta-layouts":"default","ast-page-background-enabled":"default","ast-page-background-meta":{"desktop":{"background-color":"var(--ast-global-color-4)","background-image":"","background-repeat":"repeat","background-position":"center center","background-size":"auto","background-attachment":"scroll","background-type":"","background-media":"","overlay-type":"","overlay-color":"","overlay-opacity":"","overlay-gradient":""},"tablet":{"background-color":"","background-image":"","background-repeat":"repeat","background-position":"center center","background-size":"auto","background-attachment":"scroll","background-type":"","background-media":"","overlay-type":"","overlay-color":"","overlay-opacity":"","overlay-gradient":""},"mobile":{"background-color":"","background-image":"","background-repeat":"repeat","background-position":"center center","background-size":"auto","background-attachment":"scroll","background-type":"","background-media":"","overlay-type":"","overlay-color":"","overlay-opacity":"","overlay-gradient":""}},"ast-content-background-meta":{"desktop":{"background-color":"var(--ast-global-color-5)","background-image":"","background-repeat":"repeat","background-position":"center center","background-size":"auto","background-attachment":"scroll","background-type":"","background-media":"","overlay-type":"","overlay-color":"","overlay-opacity":"","overlay-gradient":""},"tablet":{"background-color":"var(--ast-global-color-5)","background-image":"","background-repeat":"repeat","background-position":"center center","background-size":"auto","background-attachment":"scroll","background-type":"","background-media":"","overlay-type":"","overlay-color":"","overlay-opacity":"","overlay-gradient":""},"mobile":{"background-color":"var(--ast-global-color-5)","background-image":"","background-repeat":"repeat","background-position":"center center","background-size":"auto","background-attachment":"scroll","background-type":"","background-media":"","overlay-type":"","overlay-color":"","overlay-opacity":"","overlay-gradient":""}},"footnotes":""},"categories":[1],"tags":[],"class_list":["post-2449","post","type-post","status-publish","format-standard","has-post-thumbnail","hentry","category-uncategorized"],"aioseo_notices":[],"yoast_head":"<!-- This site is optimized with the Yoast SEO plugin v26.7 - https:\/\/yoast.com\/wordpress\/plugins\/seo\/ -->\n<title>PLAN DESARROLLO SAN JUAN SE REUNE CON LA COMUNIDAD DE LAS CHARCAS DE MARIA NOVA - Plan San Juan<\/title>\n<meta name=\"robots\" content=\"index, follow, max-snippet:-1, max-image-preview:large, max-video-preview:-1\" \/>\n<link rel=\"canonical\" href=\"https:\/\/plansanjuan.gob.do\/index.php\/2023\/03\/09\/plan-desarrollo-san-juan-se-reune-con-la-comunidad-de-las-charcas-de-maria-nova\/\" \/>\n<meta property=\"og:locale\" content=\"es_ES\" \/>\n<meta property=\"og:type\" content=\"article\" \/>\n<meta property=\"og:title\" content=\"PLAN DESARROLLO SAN JUAN SE REUNE CON LA COMUNIDAD DE LAS CHARCAS DE MARIA NOVA - Plan San Juan\" \/>\n<meta property=\"og:description\" content=\"PLAN SAN JUAN SE REUNE CON LA COMUNIDAD DE LA CHARCA DE MARIA NOVA PLAN DE DESARROLLO SAN JUAN, SE REUNE CON LA COMUNIDAD DE LAS CHARCAS DE MARIA NOVA. Por.Jimmy Duval 7\/3\/23 Director del Plan de Desarrollo ing. LUIS BONILLA, sostiene encuentro con comunitarios del distrito de Las charcas de Maria Mova , escucha [&hellip;]\" \/>\n<meta property=\"og:url\" content=\"https:\/\/plansanjuan.gob.do\/index.php\/2023\/03\/09\/plan-desarrollo-san-juan-se-reune-con-la-comunidad-de-las-charcas-de-maria-nova\/\" \/>\n<meta property=\"og:site_name\" content=\"Plan San Juan\" \/>\n<meta property=\"article:published_time\" content=\"2023-03-09T03:11:43+00:00\" \/>\n<meta property=\"article:modified_time\" content=\"2023-03-09T03:49:06+00:00\" \/>\n<meta property=\"og:image\" content=\"https:\/\/plansanjuan.gob.do\/wp-content\/uploads\/2022\/11\/WhatsApp-Image-2023-03-08-at-12.09.26.jpeg\" \/>\n\t<meta property=\"og:image:width\" content=\"1280\" \/>\n\t<meta property=\"og:image:height\" content=\"960\" \/>\n\t<meta property=\"og:image:type\" content=\"image\/jpeg\" \/>\n<meta name=\"author\" content=\"Danny Concepci\u00f3n\" \/>\n<meta name=\"twitter:card\" content=\"summary_large_image\" \/>\n<meta name=\"twitter:label1\" content=\"Written by\" \/>\n\t<meta name=\"twitter:data1\" content=\"Danny Concepci\u00f3n\" \/>\n\t<meta name=\"twitter:label2\" content=\"Est. reading time\" \/>\n\t<meta name=\"twitter:data2\" content=\"1 minuto\" \/>\n<script type=\"application\/ld+json\" class=\"yoast-schema-graph\">{\"@context\":\"https:\/\/schema.org\",\"@graph\":[{\"@type\":\"Article\",\"@id\":\"https:\/\/plansanjuan.gob.do\/index.php\/2023\/03\/09\/plan-desarrollo-san-juan-se-reune-con-la-comunidad-de-las-charcas-de-maria-nova\/#article\",\"isPartOf\":{\"@id\":\"https:\/\/plansanjuan.gob.do\/index.php\/2023\/03\/09\/plan-desarrollo-san-juan-se-reune-con-la-comunidad-de-las-charcas-de-maria-nova\/\"},\"author\":{\"name\":\"Danny Concepci\u00f3n\",\"@id\":\"https:\/\/plansanjuan.gob.do\/#\/schema\/person\/b1f87962f10f3976669993ce249c9d22\"},\"headline\":\"PLAN DESARROLLO SAN JUAN SE REUNE CON LA COMUNIDAD DE LAS CHARCAS DE MARIA NOVA\",\"datePublished\":\"2023-03-09T03:11:43+00:00\",\"dateModified\":\"2023-03-09T03:49:06+00:00\",\"mainEntityOfPage\":{\"@id\":\"https:\/\/plansanjuan.gob.do\/index.php\/2023\/03\/09\/plan-desarrollo-san-juan-se-reune-con-la-comunidad-de-las-charcas-de-maria-nova\/\"},\"wordCount\":163,\"commentCount\":0,\"publisher\":{\"@id\":\"https:\/\/plansanjuan.gob.do\/#organization\"},\"image\":{\"@id\":\"https:\/\/plansanjuan.gob.do\/index.php\/2023\/03\/09\/plan-desarrollo-san-juan-se-reune-con-la-comunidad-de-las-charcas-de-maria-nova\/#primaryimage\"},\"thumbnailUrl\":\"https:\/\/plansanjuan.gob.do\/wp-content\/uploads\/2022\/11\/WhatsApp-Image-2023-03-08-at-12.09.26.jpeg\",\"articleSection\":[\"Uncategorized\"],\"inLanguage\":\"es-DO\",\"potentialAction\":[{\"@type\":\"CommentAction\",\"name\":\"Comment\",\"target\":[\"https:\/\/plansanjuan.gob.do\/index.php\/2023\/03\/09\/plan-desarrollo-san-juan-se-reune-con-la-comunidad-de-las-charcas-de-maria-nova\/#respond\"]}]},{\"@type\":\"WebPage\",\"@id\":\"https:\/\/plansanjuan.gob.do\/index.php\/2023\/03\/09\/plan-desarrollo-san-juan-se-reune-con-la-comunidad-de-las-charcas-de-maria-nova\/\",\"url\":\"https:\/\/plansanjuan.gob.do\/index.php\/2023\/03\/09\/plan-desarrollo-san-juan-se-reune-con-la-comunidad-de-las-charcas-de-maria-nova\/\",\"name\":\"PLAN DESARROLLO SAN JUAN SE REUNE CON LA COMUNIDAD DE LAS CHARCAS DE MARIA NOVA - Plan San Juan\",\"isPartOf\":{\"@id\":\"https:\/\/plansanjuan.gob.do\/#website\"},\"primaryImageOfPage\":{\"@id\":\"https:\/\/plansanjuan.gob.do\/index.php\/2023\/03\/09\/plan-desarrollo-san-juan-se-reune-con-la-comunidad-de-las-charcas-de-maria-nova\/#primaryimage\"},\"image\":{\"@id\":\"https:\/\/plansanjuan.gob.do\/index.php\/2023\/03\/09\/plan-desarrollo-san-juan-se-reune-con-la-comunidad-de-las-charcas-de-maria-nova\/#primaryimage\"},\"thumbnailUrl\":\"https:\/\/plansanjuan.gob.do\/wp-content\/uploads\/2022\/11\/WhatsApp-Image-2023-03-08-at-12.09.26.jpeg\",\"datePublished\":\"2023-03-09T03:11:43+00:00\",\"dateModified\":\"2023-03-09T03:49:06+00:00\",\"breadcrumb\":{\"@id\":\"https:\/\/plansanjuan.gob.do\/index.php\/2023\/03\/09\/plan-desarrollo-san-juan-se-reune-con-la-comunidad-de-las-charcas-de-maria-nova\/#breadcrumb\"},\"inLanguage\":\"es-DO\",\"potentialAction\":[{\"@type\":\"ReadAction\",\"target\":[\"https:\/\/plansanjuan.gob.do\/index.php\/2023\/03\/09\/plan-desarrollo-san-juan-se-reune-con-la-comunidad-de-las-charcas-de-maria-nova\/\"]}]},{\"@type\":\"ImageObject\",\"inLanguage\":\"es-DO\",\"@id\":\"https:\/\/plansanjuan.gob.do\/index.php\/2023\/03\/09\/plan-desarrollo-san-juan-se-reune-con-la-comunidad-de-las-charcas-de-maria-nova\/#primaryimage\",\"url\":\"https:\/\/plansanjuan.gob.do\/wp-content\/uploads\/2022\/11\/WhatsApp-Image-2023-03-08-at-12.09.26.jpeg\",\"contentUrl\":\"https:\/\/plansanjuan.gob.do\/wp-content\/uploads\/2022\/11\/WhatsApp-Image-2023-03-08-at-12.09.26.jpeg\",\"width\":1280,\"height\":960},{\"@type\":\"BreadcrumbList\",\"@id\":\"https:\/\/plansanjuan.gob.do\/index.php\/2023\/03\/09\/plan-desarrollo-san-juan-se-reune-con-la-comunidad-de-las-charcas-de-maria-nova\/#breadcrumb\",\"itemListElement\":[{\"@type\":\"ListItem\",\"position\":1,\"name\":\"Home\",\"item\":\"https:\/\/plansanjuan.gob.do\/\"},{\"@type\":\"ListItem\",\"position\":2,\"name\":\"PLAN DESARROLLO SAN JUAN SE REUNE CON LA COMUNIDAD DE LAS CHARCAS DE MARIA NOVA\"}]},{\"@type\":\"WebSite\",\"@id\":\"https:\/\/plansanjuan.gob.do\/#website\",\"url\":\"https:\/\/plansanjuan.gob.do\/\",\"name\":\"Plan San Juan\",\"description\":\"\",\"publisher\":{\"@id\":\"https:\/\/plansanjuan.gob.do\/#organization\"},\"potentialAction\":[{\"@type\":\"SearchAction\",\"target\":{\"@type\":\"EntryPoint\",\"urlTemplate\":\"https:\/\/plansanjuan.gob.do\/?s={search_term_string}\"},\"query-input\":{\"@type\":\"PropertyValueSpecification\",\"valueRequired\":true,\"valueName\":\"search_term_string\"}}],\"inLanguage\":\"es-DO\"},{\"@type\":\"Organization\",\"@id\":\"https:\/\/plansanjuan.gob.do\/#organization\",\"name\":\"Plan San Juan\",\"url\":\"https:\/\/plansanjuan.gob.do\/\",\"logo\":{\"@type\":\"ImageObject\",\"inLanguage\":\"es-DO\",\"@id\":\"https:\/\/plansanjuan.gob.do\/#\/schema\/logo\/image\/\",\"url\":\"https:\/\/plansanjuan.gob.do\/wp-content\/uploads\/2022\/11\/cropped-logo-plan-san-juan-png-1-1.png\",\"contentUrl\":\"https:\/\/plansanjuan.gob.do\/wp-content\/uploads\/2022\/11\/cropped-logo-plan-san-juan-png-1-1.png\",\"width\":500,\"height\":391,\"caption\":\"Plan San Juan\"},\"image\":{\"@id\":\"https:\/\/plansanjuan.gob.do\/#\/schema\/logo\/image\/\"}},{\"@type\":\"Person\",\"@id\":\"https:\/\/plansanjuan.gob.do\/#\/schema\/person\/b1f87962f10f3976669993ce249c9d22\",\"name\":\"Danny Concepci\u00f3n\",\"image\":{\"@type\":\"ImageObject\",\"inLanguage\":\"es-DO\",\"@id\":\"https:\/\/plansanjuan.gob.do\/#\/schema\/person\/image\/\",\"url\":\"https:\/\/secure.gravatar.com\/avatar\/01cadaf5c21582ba00a13bcdf2b527a2f4397ee735e263501238c0f9d2566edb?s=96&d=mm&r=g\",\"contentUrl\":\"https:\/\/secure.gravatar.com\/avatar\/01cadaf5c21582ba00a13bcdf2b527a2f4397ee735e263501238c0f9d2566edb?s=96&d=mm&r=g\",\"caption\":\"Danny Concepci\u00f3n\"},\"sameAs\":[\"https:\/\/plansanjuan.gob.do\/\"],\"url\":\"https:\/\/plansanjuan.gob.do\/index.php\/author\/dannyconcepcion\/\"}]}<\/script>\n<!-- \/ Yoast SEO plugin. -->","yoast_head_json":{"title":"PLAN DESARROLLO SAN JUAN SE REUNE CON LA COMUNIDAD DE LAS CHARCAS DE MARIA NOVA - Plan San Juan","robots":{"index":"index","follow":"follow","max-snippet":"max-snippet:-1","max-image-preview":"max-image-preview:large","max-video-preview":"max-video-preview:-1"},"canonical":"https:\/\/plansanjuan.gob.do\/index.php\/2023\/03\/09\/plan-desarrollo-san-juan-se-reune-con-la-comunidad-de-las-charcas-de-maria-nova\/","og_locale":"es_ES","og_type":"article","og_title":"PLAN DESARROLLO SAN JUAN SE REUNE CON LA COMUNIDAD DE LAS CHARCAS DE MARIA NOVA - Plan San Juan","og_description":"PLAN SAN JUAN SE REUNE CON LA COMUNIDAD DE LA CHARCA DE MARIA NOVA PLAN DE DESARROLLO SAN JUAN, SE REUNE CON LA COMUNIDAD DE LAS CHARCAS DE MARIA NOVA. Por.Jimmy Duval 7\/3\/23 Director del Plan de Desarrollo ing. LUIS BONILLA, sostiene encuentro con comunitarios del distrito de Las charcas de Maria Mova , escucha [&hellip;]","og_url":"https:\/\/plansanjuan.gob.do\/index.php\/2023\/03\/09\/plan-desarrollo-san-juan-se-reune-con-la-comunidad-de-las-charcas-de-maria-nova\/","og_site_name":"Plan San Juan","article_published_time":"2023-03-09T03:11:43+00:00","article_modified_time":"2023-03-09T03:49:06+00:00","og_image":[{"width":1280,"height":960,"url":"https:\/\/plansanjuan.gob.do\/wp-content\/uploads\/2022\/11\/WhatsApp-Image-2023-03-08-at-12.09.26.jpeg","type":"image\/jpeg"}],"author":"Danny Concepci\u00f3n","twitter_card":"summary_large_image","twitter_misc":{"Written by":"Danny Concepci\u00f3n","Est. reading time":"1 minuto"},"schema":{"@context":"https:\/\/schema.org","@graph":[{"@type":"Article","@id":"https:\/\/plansanjuan.gob.do\/index.php\/2023\/03\/09\/plan-desarrollo-san-juan-se-reune-con-la-comunidad-de-las-charcas-de-maria-nova\/#article","isPartOf":{"@id":"https:\/\/plansanjuan.gob.do\/index.php\/2023\/03\/09\/plan-desarrollo-san-juan-se-reune-con-la-comunidad-de-las-charcas-de-maria-nova\/"},"author":{"name":"Danny Concepci\u00f3n","@id":"https:\/\/plansanjuan.gob.do\/#\/schema\/person\/b1f87962f10f3976669993ce249c9d22"},"headline":"PLAN DESARROLLO SAN JUAN SE REUNE CON LA COMUNIDAD DE LAS CHARCAS DE MARIA NOVA","datePublished":"2023-03-09T03:11:43+00:00","dateModified":"2023-03-09T03:49:06+00:00","mainEntityOfPage":{"@id":"https:\/\/plansanjuan.gob.do\/index.php\/2023\/03\/09\/plan-desarrollo-san-juan-se-reune-con-la-comunidad-de-las-charcas-de-maria-nova\/"},"wordCount":163,"commentCount":0,"publisher":{"@id":"https:\/\/plansanjuan.gob.do\/#organization"},"image":{"@id":"https:\/\/plansanjuan.gob.do\/index.php\/2023\/03\/09\/plan-desarrollo-san-juan-se-reune-con-la-comunidad-de-las-charcas-de-maria-nova\/#primaryimage"},"thumbnailUrl":"https:\/\/plansanjuan.gob.do\/wp-content\/uploads\/2022\/11\/WhatsApp-Image-2023-03-08-at-12.09.26.jpeg","articleSection":["Uncategorized"],"inLanguage":"es-DO","potentialAction":[{"@type":"CommentAction","name":"Comment","target":["https:\/\/plansanjuan.gob.do\/index.php\/2023\/03\/09\/plan-desarrollo-san-juan-se-reune-con-la-comunidad-de-las-charcas-de-maria-nova\/#respond"]}]},{"@type":"WebPage","@id":"https:\/\/plansanjuan.gob.do\/index.php\/2023\/03\/09\/plan-desarrollo-san-juan-se-reune-con-la-comunidad-de-las-charcas-de-maria-nova\/","url":"https:\/\/plansanjuan.gob.do\/index.php\/2023\/03\/09\/plan-desarrollo-san-juan-se-reune-con-la-comunidad-de-las-charcas-de-maria-nova\/","name":"PLAN DESARROLLO SAN JUAN SE REUNE CON LA COMUNIDAD DE LAS CHARCAS DE MARIA NOVA - Plan San Juan","isPartOf":{"@id":"https:\/\/plansanjuan.gob.do\/#website"},"primaryImageOfPage":{"@id":"https:\/\/plansanjuan.gob.do\/index.php\/2023\/03\/09\/plan-desarrollo-san-juan-se-reune-con-la-comunidad-de-las-charcas-de-maria-nova\/#primaryimage"},"image":{"@id":"https:\/\/plansanjuan.gob.do\/index.php\/2023\/03\/09\/plan-desarrollo-san-juan-se-reune-con-la-comunidad-de-las-charcas-de-maria-nova\/#primaryimage"},"thumbnailUrl":"https:\/\/plansanjuan.gob.do\/wp-content\/uploads\/2022\/11\/WhatsApp-Image-2023-03-08-at-12.09.26.jpeg","datePublished":"2023-03-09T03:11:43+00:00","dateModified":"2023-03-09T03:49:06+00:00","breadcrumb":{"@id":"https:\/\/plansanjuan.gob.do\/index.php\/2023\/03\/09\/plan-desarrollo-san-juan-se-reune-con-la-comunidad-de-las-charcas-de-maria-nova\/#breadcrumb"},"inLanguage":"es-DO","potentialAction":[{"@type":"ReadAction","target":["https:\/\/plansanjuan.gob.do\/index.php\/2023\/03\/09\/plan-desarrollo-san-juan-se-reune-con-la-comunidad-de-las-charcas-de-maria-nova\/"]}]},{"@type":"ImageObject","inLanguage":"es-DO","@id":"https:\/\/plansanjuan.gob.do\/index.php\/2023\/03\/09\/plan-desarrollo-san-juan-se-reune-con-la-comunidad-de-las-charcas-de-maria-nova\/#primaryimage","url":"https:\/\/plansanjuan.gob.do\/wp-content\/uploads\/2022\/11\/WhatsApp-Image-2023-03-08-at-12.09.26.jpeg","contentUrl":"https:\/\/plansanjuan.gob.do\/wp-content\/uploads\/2022\/11\/WhatsApp-Image-2023-03-08-at-12.09.26.jpeg","width":1280,"height":960},{"@type":"BreadcrumbList","@id":"https:\/\/plansanjuan.gob.do\/index.php\/2023\/03\/09\/plan-desarrollo-san-juan-se-reune-con-la-comunidad-de-las-charcas-de-maria-nova\/#breadcrumb","itemListElement":[{"@type":"ListItem","position":1,"name":"Home","item":"https:\/\/plansanjuan.gob.do\/"},{"@type":"ListItem","position":2,"name":"PLAN DESARROLLO SAN JUAN SE REUNE CON LA COMUNIDAD DE LAS CHARCAS DE MARIA NOVA"}]},{"@type":"WebSite","@id":"https:\/\/plansanjuan.gob.do\/#website","url":"https:\/\/plansanjuan.gob.do\/","name":"Plan San Juan","description":"","publisher":{"@id":"https:\/\/plansanjuan.gob.do\/#organization"},"potentialAction":[{"@type":"SearchAction","target":{"@type":"EntryPoint","urlTemplate":"https:\/\/plansanjuan.gob.do\/?s={search_term_string}"},"query-input":{"@type":"PropertyValueSpecification","valueRequired":true,"valueName":"search_term_string"}}],"inLanguage":"es-DO"},{"@type":"Organization","@id":"https:\/\/plansanjuan.gob.do\/#organization","name":"Plan San Juan","url":"https:\/\/plansanjuan.gob.do\/","logo":{"@type":"ImageObject","inLanguage":"es-DO","@id":"https:\/\/plansanjuan.gob.do\/#\/schema\/logo\/image\/","url":"https:\/\/plansanjuan.gob.do\/wp-content\/uploads\/2022\/11\/cropped-logo-plan-san-juan-png-1-1.png","contentUrl":"https:\/\/plansanjuan.gob.do\/wp-content\/uploads\/2022\/11\/cropped-logo-plan-san-juan-png-1-1.png","width":500,"height":391,"caption":"Plan San Juan"},"image":{"@id":"https:\/\/plansanjuan.gob.do\/#\/schema\/logo\/image\/"}},{"@type":"Person","@id":"https:\/\/plansanjuan.gob.do\/#\/schema\/person\/b1f87962f10f3976669993ce249c9d22","name":"Danny Concepci\u00f3n","image":{"@type":"ImageObject","inLanguage":"es-DO","@id":"https:\/\/plansanjuan.gob.do\/#\/schema\/person\/image\/","url":"https:\/\/secure.gravatar.com\/avatar\/01cadaf5c21582ba00a13bcdf2b527a2f4397ee735e263501238c0f9d2566edb?s=96&d=mm&r=g","contentUrl":"https:\/\/secure.gravatar.com\/avatar\/01cadaf5c21582ba00a13bcdf2b527a2f4397ee735e263501238c0f9d2566edb?s=96&d=mm&r=g","caption":"Danny Concepci\u00f3n"},"sameAs":["https:\/\/plansanjuan.gob.do\/"],"url":"https:\/\/plansanjuan.gob.do\/index.php\/author\/dannyconcepcion\/"}]}},"_links":{"self":[{"href":"https:\/\/plansanjuan.gob.do\/index.php\/wp-json\/wp\/v2\/posts\/2449","targetHints":{"allow":["GET"]}}],"collection":[{"href":"https:\/\/plansanjuan.gob.do\/index.php\/wp-json\/wp\/v2\/posts"}],"about":[{"href":"https:\/\/plansanjuan.gob.do\/index.php\/wp-json\/wp\/v2\/types\/post"}],"author":[{"embeddable":true,"href":"https:\/\/plansanjuan.gob.do\/index.php\/wp-json\/wp\/v2\/users\/3"}],"replies":[{"embeddable":true,"href":"https:\/\/plansanjuan.gob.do\/index.php\/wp-json\/wp\/v2\/comments?post=2449"}],"version-history":[{"count":12,"href":"https:\/\/plansanjuan.gob.do\/index.php\/wp-json\/wp\/v2\/posts\/2449\/revisions"}],"predecessor-version":[{"id":2471,"href":"https:\/\/plansanjuan.gob.do\/index.php\/wp-json\/wp\/v2\/posts\/2449\/revisions\/2471"}],"wp:featuredmedia":[{"embeddable":true,"href":"https:\/\/plansanjuan.gob.do\/index.php\/wp-json\/wp\/v2\/media\/2461"}],"wp:attachment":[{"href":"https:\/\/plansanjuan.gob.do\/index.php\/wp-json\/wp\/v2\/media?parent=2449"}],"wp:term":[{"taxonomy":"category","embeddable":true,"href":"https:\/\/plansanjuan.gob.do\/index.php\/wp-json\/wp\/v2\/categories?post=2449"},{"taxonomy":"post_tag","embeddable":true,"href":"https:\/\/plansanjuan.gob.do\/index.php\/wp-json\/wp\/v2\/tags?post=2449"}],"curies":[{"name":"wp","href":"https:\/\/api.w.org\/{rel}","templated":true}]}}